{"id":22994796,"date":"2023-07-18T14:19:54","date_gmt":"2023-07-18T12:19:54","guid":{"rendered":"https:\/\/pelichet.wow-digital.com\/blog\/gruene-haltung-pelichet-setzt-auf-elektrofahrzeuge\/"},"modified":"2024-02-14T08:15:33","modified_gmt":"2024-02-14T07:15:33","slug":"pelichet-setzt-auf-elektrofahrzeuge","status":"publish","type":"post","link":"https:\/\/www.pelichet.ch\/de\/aktuelles\/pelichet-setzt-auf-elektrofahrzeuge\/","title":{"rendered":"Green Attitude: Pelichet setzt auf Elektrofahrzeuge"},"content":{"rendered":"\n<h2 class=\"wp-block-heading has-large-font-size\">Pelichet, der Schweizer Marktf\u00fchrer f\u00fcr Umzugsl\u00f6sungen, geht einen weiteren Schritt in Richtung Nachhaltigkeit. Das Unternehmen schliesst eine Partnerschaft mit Fraikin, dem europ\u00e4ischen Marktf\u00fchrer f\u00fcr Langzeitmietwagen, f\u00fcr elektrische L\u00f6sungen.<\/h2>\n\n\n\n<p>Das Umweltbewusstsein hat f\u00fcr verantwortungsbewusste Unternehmen h\u00f6chste Priorit\u00e4t erreicht! Der Fahrzeugbestand von Pelichet war sehr veraltet und ben\u00f6tigte eine Erneuerung. Zun\u00e4chst wurde Fraikin konsultiert, um eine Flottenanalyse durchzuf\u00fchren. Das Ziel war es, die gerechteste L\u00f6sung entsprechend den Unternehmensanforderungen zu finden. Der zweite Schritt bestand darin, basierend auf den Anspr\u00fcchen der Kundinnen und Kunden die Kraftfahrzeuge zu optimieren und Elektrofahrzeuge anzuschaffen. \u00abWir mussten eine strategische CSR-Entscheidung treffen, die im Einklang mit dem CO<sup>2<\/sup>-Gesetz und den Anforderungen der Schweiz f\u00fcr 2035 steht. Der von Fraikin vorgeschlagene Ansatz hat uns \u00fcberzeugt\u00bb, erkl\u00e4rt R\u00e9gis Serriere, der Strategiedirektor der Gruppe.<\/p>\n\n\n\n<p>Fraikin, das wie Pelichet Mitglied der Handelskammer Frankreich-Schweiz ist, hat sich durch hohe Reaktionsf\u00e4higkeit bei der Bereitstellung geeigneter Fahrzeuge ausgezeichnet. Heute nutzt Pelichet Langzeitmietl\u00f6sungen f\u00fcr seine leichten oder schweren Nutzfahrzeuge im t\u00e4glichen Betrieb. Diese Option erm\u00f6glicht es nicht nur, die Kosten zu optimieren und sich auf neues Material zu st\u00fctzen, sondern auch im Falle von Reparaturen reaktiv zu sein und den CSR-Ansatz der Gruppe zu verfolgen.<\/p>\n\n\n\n<h3 class=\"wp-block-heading\"><p><strong><strong>Der t\u00e4gliche Betrieb<\/strong><\/strong><\/p><\/h3>\n\n\n\n<p>Der Transportmarkt ist heute noch weitgehend von Fahrzeugen gepr\u00e4gt, die nicht den neuesten Standards entsprechen. Pelichet sieht sich als Vorreiter in seinen Entscheidungen und verwendet zwei Arten von Fahrzeugen f\u00fcr seine Aktivit\u00e4ten: konventionelle (Standardfahrzeuge, die mit fossilen Brennstoffen betrieben werden) und elektrische. Die konventionellen Fahrzeuge, haupts\u00e4chlich schwere Lastwagen, entsprechen \u00fcberwiegend der neuesten Energieeffizienz-Norm EURO6 (Europ\u00e4ischer Standard zur Begrenzung von Schadstoffemissionen bei schweren Fahrzeugen). Die Elektrofahrzeuge hingegen sind zu 100% sauber.<\/p>\n\n\n\n<p>Konkret besteht die von Fraikin bereitgestellte L\u00f6sung aus vier Elektrofahrzeugen (zwei Kleintransportern und zwei 3,5-Tonnen-LKWs) sowie f\u00fcnf konventionellen Fahrzeugen (einem 40-Tonnen-Sattelschlepper, drei 18-Tonnen-LKWs und zwei 10-Tonnen-LKWs). Die Elektrofahrzeuge k\u00f6nnen bei voller Leistung und voller Beladung \u00fcber 300 km zur\u00fccklegen. Dies entspricht den Anforderungen des Unternehmens und stellt im Vergleich zu herk\u00f6mmlichen Fahrzeugen keine besondere Einschr\u00e4nkung dar. Die Elektrofahrzeuge k\u00f6nnen verschiedene Ladestationen nutzen, sowohl Standard-Power-Modelle (mit einer Ladezeit von 4,5 bis 6 Stunden) als auch Super-Power-Modelle (zwischen 30 und 45 Minuten). Daher ist die Ladekapazit\u00e4t mehr als ausreichend, um t\u00e4gliche Beladungen und Lieferungen durchzuf\u00fchren.<\/p>\n\n\n\n<figure class=\"wp-block-gallery has-nested-images columns-default is-cropped wp-block-gallery-1 is-layout-flex wp-block-gallery-is-layout-flex\">\n<figure class=\"wp-block-image size-large\"><img decoding=\"async\" width=\"338\" height=\"452\" data-id=\"22991640\" src=\"https:\/\/staging.pelichet-relocation.com\/wp-content\/uploads\/2023\/07\/PELICHET-VEHICULE-GREEN-3.jpg\" alt=\"Pelichet, \u00f6kologisches Fahrzeug.\" class=\"wp-image-22991640\" srcset=\"https:\/\/www.pelichet.ch\/wp-content\/uploads\/2023\/07\/PELICHET-VEHICULE-GREEN-3.jpg 338w, https:\/\/www.pelichet.ch\/wp-content\/uploads\/2023\/07\/PELICHET-VEHICULE-GREEN-3-224x300.jpg 224w\" sizes=\"(max-width: 338px) 100vw, 338px\" \/><\/figure>\n\n\n\n<figure class=\"wp-block-image size-large\"><img decoding=\"async\" width=\"1024\" height=\"670\" data-id=\"22991652\" src=\"https:\/\/staging.pelichet-relocation.com\/wp-content\/uploads\/2023\/07\/PELICHET-TRANSPORT-1024x670.jpg\" alt=\"Der Transport durch Pelichet.\" class=\"wp-image-22991652\" srcset=\"https:\/\/www.pelichet.ch\/wp-content\/uploads\/2023\/07\/PELICHET-TRANSPORT-1024x670.jpg 1024w, https:\/\/www.pelichet.ch\/wp-content\/uploads\/2023\/07\/PELICHET-TRANSPORT-300x196.jpg 300w, https:\/\/www.pelichet.ch\/wp-content\/uploads\/2023\/07\/PELICHET-TRANSPORT-768x503.jpg 768w, https:\/\/www.pelichet.ch\/wp-content\/uploads\/2023\/07\/PELICHET-TRANSPORT-1536x1006.jpg 1536w, https:\/\/www.pelichet.ch\/wp-content\/uploads\/2023\/07\/PELICHET-TRANSPORT-1080x707.jpg 1080w, https:\/\/www.pelichet.ch\/wp-content\/uploads\/2023\/07\/PELICHET-TRANSPORT-1280x838.jpg 1280w, https:\/\/www.pelichet.ch\/wp-content\/uploads\/2023\/07\/PELICHET-TRANSPORT-980x642.jpg 980w, https:\/\/www.pelichet.ch\/wp-content\/uploads\/2023\/07\/PELICHET-TRANSPORT-480x314.jpg 480w, https:\/\/www.pelichet.ch\/wp-content\/uploads\/2023\/07\/PELICHET-TRANSPORT.jpg 1564w\" sizes=\"(max-width: 1024px) 100vw, 1024px\" \/><\/figure>\n\n\n\n<figure class=\"wp-block-image size-large\"><img decoding=\"async\" width=\"768\" height=\"1024\" data-id=\"22991634\" src=\"https:\/\/staging.pelichet-relocation.com\/wp-content\/uploads\/2023\/07\/PELICHET-VEHICULE-GREEN-1-768x1024.jpg\" alt=\"Pelichet, \u00f6kologisches Fahrzeug.\" class=\"wp-image-22991634\" srcset=\"https:\/\/www.pelichet.ch\/wp-content\/uploads\/2023\/07\/PELICHET-VEHICULE-GREEN-1-768x1024.jpg 768w, https:\/\/www.pelichet.ch\/wp-content\/uploads\/2023\/07\/PELICHET-VEHICULE-GREEN-1-225x300.jpg 225w, https:\/\/www.pelichet.ch\/wp-content\/uploads\/2023\/07\/PELICHET-VEHICULE-GREEN-1-480x640.jpg 480w, https:\/\/www.pelichet.ch\/wp-content\/uploads\/2023\/07\/PELICHET-VEHICULE-GREEN-1.jpg 936w\" sizes=\"(max-width: 768px) 100vw, 768px\" \/><\/figure>\n<\/figure>\n\n\n\n<p><\/p>\n\n\n\n<h3 class=\"wp-block-heading\"><p>Die Umweltverantwortung im Zentrum gemeinsamer \u00dcberlegungen<\/p><\/h3>\n\n\n\n<p>Die Elektrofahrzeuge werden f\u00fcr alle Gesch\u00e4ftsbereiche verwendet und sind Teil des umfassenden CSR-Projekts von Pelichet, das mit \u00f6kologischer, sozialer und gesellschaftlicher Verantwortung verbunden ist. Die Gruppe hat vor einigen Monaten ihr CSR-Projekt vorgestellt, das alle geplanten Massnahmen und Initiativen umfasst. Dazu geh\u00f6ren unter anderem die Optimierung von Verpackungen, das Recycling von Produkten, der B\u00fcroumzug, Schulungen zu Gesundheit und Arbeitssicherheit, Massnahmen in Zusammenarbeit mit verschiedenen NGOs und die Integration von Menschen mit Behinderung.<\/p>\n\n\n\n<p>Die Green Attitude stellt ein starkes Engagement von Pelichet dar. Im Jahr 2020 hatte das in der Schweiz ans\u00e4ssige Unternehmen bereits durch die Einf\u00fchrung einer neuen Dienstleistung f\u00fcr seine Kundinnen und Kunden innoviert: das B\u00fcrorecycling. Nach der Erlangung der ISO-Zertifizierung im Jahr 2021 nahmen die Verpflichtungen zu, und die Green Attitude pr\u00e4gte sich bei den 55 Mitarbeitenden der Gruppe ein. \u00abDie Teams haben sich voll und ganz dem CSR-Projekt und den f\u00fcr die Fahrzeuge vorgeschlagenen L\u00f6sungen angeschlossen\u00bb, f\u00fcgt R\u00e9gis hinzu. Nach einer kurzen Einf\u00fchrung und technischen Erkl\u00e4rungen (Ladung, Gewichtsmanagement, etc.) konnten die Mitarbeitenden stolz das Steuer der brandneuen, in den Farben von Pelichet gehaltenen Fahrzeuge \u00fcbernehmen. Das Unternehmen selbst stellt ein hervorragendes Laboratorium dar, in dem ein frischer Wind \u00f6kologischer Reflexe weht.<\/p>\n\n\n\n<p>Heutzutage sind Kundinnen und Kunden f\u00fcr soziale und Umweltfragen sensibilisiert. Ein gr\u00fcnerer Planet \u2013 dazu muss das Unternehmen beitragen! Sie freuen sich zu erw\u00e4hnen, dass ihre Archivbest\u00e4nde in der Altstadt von Genf mit einem Elektrofahrzeug geliefert werden. Das gilt auch f\u00fcr B\u00fcroumz\u00fcge, sowohl f\u00fcr die versendenden als auch f\u00fcr die empfangenden Kundinnen und Kunden.<\/p>\n\n\n\n<p>Ob man ein kleines Unternehmen mit wenigen Mitarbeitenden oder ein gr\u00f6sseres Unternehmen ist, die Umweltverantwortung in den Mittelpunkt gemeinsamer \u00dcberlegungen zu stellen, erweist sich als faszinierend und belebend. Mit seiner Green Attitude bringt Pelichet eine sch\u00f6ne, positive und partizipative Energie in sein Umfeld.<\/p>\n","protected":false},"excerpt":{"rendered":"<p>Pelichet, der Schweizer Marktf\u00fchrer f\u00fcr Umzugsl\u00f6sungen, geht einen weiteren Schritt in Richtung Nachhaltigkeit. Das Unternehmen schliesst eine Partnerschaft mit Fraikin, dem europ\u00e4ischen Marktf\u00fchrer f\u00fcr Langzeitmietwagen, f\u00fcr elektrische L\u00f6sungen. Das Umweltbewusstsein hat f\u00fcr verantwortungsbewusste Unternehmen h\u00f6chste Priorit\u00e4t erreicht! Der Fahrzeugbestand von Pelichet war sehr veraltet und ben\u00f6tigte eine Erneuerung. Zun\u00e4chst wurde Fraikin konsultiert, um eine Flottenanalyse [&hellip;]<\/p>\n","protected":false},"author":14,"featured_media":22993666,"comment_status":"closed","ping_status":"closed","sticky":false,"template":"","format":"standard","meta":{"_et_pb_use_builder":"off","_et_pb_old_content":"","_et_gb_content_width":"","wds_primary_category":60,"footnotes":""},"categories":[60],"tags":[],"dipi_cpt_category":[],"class_list":["post-22994796","post","type-post","status-publish","format-standard","has-post-thumbnail","hentry","category-aktuelles"],"_links":{"self":[{"href":"https:\/\/www.pelichet.ch\/de\/wp-json\/wp\/v2\/posts\/22994796","targetHints":{"allow":["GET"]}}],"collection":[{"href":"https:\/\/www.pelichet.ch\/de\/wp-json\/wp\/v2\/posts"}],"about":[{"href":"https:\/\/www.pelichet.ch\/de\/wp-json\/wp\/v2\/types\/post"}],"author":[{"embeddable":true,"href":"https:\/\/www.pelichet.ch\/de\/wp-json\/wp\/v2\/users\/14"}],"replies":[{"embeddable":true,"href":"https:\/\/www.pelichet.ch\/de\/wp-json\/wp\/v2\/comments?post=22994796"}],"version-history":[{"count":15,"href":"https:\/\/www.pelichet.ch\/de\/wp-json\/wp\/v2\/posts\/22994796\/revisions"}],"predecessor-version":[{"id":22995600,"href":"https:\/\/www.pelichet.ch\/de\/wp-json\/wp\/v2\/posts\/22994796\/revisions\/22995600"}],"wp:featuredmedia":[{"embeddable":true,"href":"https:\/\/www.pelichet.ch\/de\/wp-json\/wp\/v2\/media\/22993666"}],"wp:attachment":[{"href":"https:\/\/www.pelichet.ch\/de\/wp-json\/wp\/v2\/media?parent=22994796"}],"wp:term":[{"taxonomy":"category","embeddable":true,"href":"https:\/\/www.pelichet.ch\/de\/wp-json\/wp\/v2\/categories?post=22994796"},{"taxonomy":"post_tag","embeddable":true,"href":"https:\/\/www.pelichet.ch\/de\/wp-json\/wp\/v2\/tags?post=22994796"},{"taxonomy":"dipi_cpt_category","embeddable":true,"href":"https:\/\/www.pelichet.ch\/de\/wp-json\/wp\/v2\/dipi_cpt_category?post=22994796"}],"curies":[{"name":"wp","href":"https:\/\/api.w.org\/{rel}","templated":true}]}}